{"id":25178,"date":"2026-08-17T10:00:44","date_gmt":"2026-08-17T09:00:44","guid":{"rendered":"https:\/\/www.radio-activ.com\/?p=25178"},"modified":"2026-09-04T08:29:18","modified_gmt":"2026-09-04T07:29:18","slug":"radio-activ-et-les-radios-ferarock-en-direct-de-la-route-du-rock-2026","status":"publish","type":"post","link":"https:\/\/www.radio-activ.com\/index.php\/2026\/08\/17\/radio-activ-et-les-radios-ferarock-en-direct-de-la-route-du-rock-2026\/","title":{"rendered":"RADIO ACTIV&rsquo; ET LES RADIOS FERAROCK EN DIRECT DE LA ROUTE DU ROCK 2026"},"content":{"rendered":"<p><a href=\"http:\/\/www.radio-activ.com\/wp-content\/uploads\/2026\/09\/IMG-20260815-WA0009.jpg\"><img fetchpriority=\"high\" decoding=\"async\" class=\"aligncenter wp-image-25179 size-large\" src=\"http:\/\/www.radio-activ.com\/wp-content\/uploads\/2026\/09\/IMG-20260815-WA0009-1024x768.jpg\" alt=\"\" width=\"640\" height=\"480\" srcset=\"https:\/\/www.radio-activ.com\/wp-content\/uploads\/2026\/09\/IMG-20260815-WA0009-1024x768.jpg 1024w, https:\/\/www.radio-activ.com\/wp-content\/uploads\/2026\/09\/IMG-20260815-WA0009-300x225.jpg 300w, https:\/\/www.radio-activ.com\/wp-content\/uploads\/2026\/09\/IMG-20260815-WA0009-768x576.jpg 768w, https:\/\/www.radio-activ.com\/wp-content\/uploads\/2026\/09\/IMG-20260815-WA0009-1536x1152.jpg 1536w, https:\/\/www.radio-activ.com\/wp-content\/uploads\/2026\/09\/IMG-20260815-WA0009.jpg 1600w\" sizes=\"(max-width: 640px) 100vw, 640px\" \/><\/a><\/p>\n<p>La Route du Rock 2026 &#8211; jour 1, Jeudi 13 ao\u00fbt avec Ditz, Peaches et les programmateurs du festival.<\/p>\n<p>&nbsp;<\/p>\n<p>&nbsp;<\/p>\n<p><audio class=\"wp-audio-shortcode\" id=\"audio-25178-2\" preload=\"none\" style=\"width: 100%;\" controls=\"controls\"><source type=\"audio\/mpeg\" src=\"http:\/\/www.radio-activ.com\/podcasts\/Route-du-Rock-130826-pad.mp3?_=2\" \/><a href=\"http:\/\/www.radio-activ.com\/podcasts\/Route-du-Rock-130826-pad.mp3\">http:\/\/www.radio-activ.com\/podcasts\/Route-du-Rock-130826-pad.mp3<\/a><\/audio><br \/>\n<a href=\"http:\/\/www.radio-activ.com\/podcasts\/Route-du-Rock-130826-pad.mp3\" target=\"_blank\" rel=\"noopener\">Download<\/a><\/p>\n<p>La Route du Rock 2026 &#8211; jour 2, Vendredi 14 ao\u00fbt avec Sprints , Christophe Brault, Titouand Mass\u00e9, Adrien du Saint-P\u00e8re Rugby Club et Bibi Club.<\/p>\n<p><audio class=\"wp-audio-shortcode\" id=\"audio-25178-3\" preload=\"none\" style=\"width: 100%;\" controls=\"controls\"><source type=\"audio\/mpeg\" src=\"http:\/\/www.radio-activ.com\/podcasts\/Route-du-Rock-140826-pad.mp3?_=3\" \/><a href=\"http:\/\/www.radio-activ.com\/podcasts\/Route-du-Rock-140826-pad.mp3\">http:\/\/www.radio-activ.com\/podcasts\/Route-du-Rock-140826-pad.mp3<\/a><\/audio><br \/>\n<a href=\"http:\/\/www.radio-activ.com\/podcasts\/Route-du-Rock-140826-pad.mp3\" target=\"_blank\" rel=\"noopener\">Download<\/a><\/p>\n<p>La Route du Rock 2026 &#8211; jour 3, Samedi 15 ao\u00fbt avec Lael Neale, Ulrika Spacek, Chest, Dry Cleaning et Marie Davidson<\/p>\n<div class=\"powerpress_player\" id=\"powerpress_player_7926\"><!--[if lt IE 9]><script>document.createElement('audio');<\/script><![endif]-->\n<audio class=\"wp-audio-shortcode\" id=\"audio-25178-1\" preload=\"none\" style=\"width: 100%;\" controls=\"controls\"><source type=\"audio\/mpeg\" src=\"http:\/\/media.blubrry.com\/radioactiv\/www.radio-activ.com\/podcasts\/Route-du-Rock-150826-pad.mp3?_=1\" \/><a href=\"http:\/\/media.blubrry.com\/radioactiv\/www.radio-activ.com\/podcasts\/Route-du-Rock-150826-pad.mp3\">http:\/\/media.blubrry.com\/radioactiv\/www.radio-activ.com\/podcasts\/Route-du-Rock-150826-pad.mp3<\/a><\/audio><\/div><p class=\"powerpress_links powerpress_links_mp3\" style=\"margin-bottom: 1px !important;\">Podcast: <a href=\"http:\/\/media.blubrry.com\/radioactiv\/www.radio-activ.com\/podcasts\/Route-du-Rock-150826-pad.mp3\" class=\"powerpress_link_pinw\" target=\"_blank\" title=\"Play in new window\" onclick=\"return powerpress_pinw('https:\/\/www.radio-activ.com\/?powerpress_pinw=25178-podcast');\" rel=\"nofollow\">Play in new window<\/a> | <a href=\"http:\/\/media.blubrry.com\/radioactiv\/www.radio-activ.com\/podcasts\/Route-du-Rock-150826-pad.mp3\" class=\"powerpress_link_d\" title=\"Download\" rel=\"nofollow\" download=\"Route-du-Rock-150826-pad.mp3\">Download<\/a><\/p>","protected":false},"excerpt":{"rendered":"<p>La Route du Rock 2026 &#8211; jour 1, Jeudi 13 ao\u00fbt avec Ditz, Peaches et les programmateurs du festival. &nbsp; &nbsp; http:\/\/www.radio-activ.com\/podcasts\/Route-du-Rock-130826-pad.mp3<\/p>\n<p class=\"link-more\"><a class=\"myButt \" href=\"https:\/\/www.radio-activ.com\/index.php\/2026\/08\/17\/radio-activ-et-les-radios-ferarock-en-direct-de-la-route-du-rock-2026\/\">Read More<\/a><\/p>\n","protected":false},"author":4874,"featured_media":25179,"comment_status":"open","ping_status":"open","sticky":false,"template":"","format":"standard","meta":{"footnotes":""},"categories":[13],"tags":[],"class_list":["post-25178","post","type-post","status-publish","format-standard","has-post-thumbnail","hentry","category-accueil"],"_links":{"self":[{"href":"https:\/\/www.radio-activ.com\/index.php\/wp-json\/wp\/v2\/posts\/25178","targetHints":{"allow":["GET"]}}],"collection":[{"href":"https:\/\/www.radio-activ.com\/index.php\/wp-json\/wp\/v2\/posts"}],"about":[{"href":"https:\/\/www.radio-activ.com\/index.php\/wp-json\/wp\/v2\/types\/post"}],"author":[{"embeddable":true,"href":"https:\/\/www.radio-activ.com\/index.php\/wp-json\/wp\/v2\/users\/4874"}],"replies":[{"embeddable":true,"href":"https:\/\/www.radio-activ.com\/index.php\/wp-json\/wp\/v2\/comments?post=25178"}],"version-history":[{"count":9,"href":"https:\/\/www.radio-activ.com\/index.php\/wp-json\/wp\/v2\/posts\/25178\/revisions"}],"predecessor-version":[{"id":25188,"href":"https:\/\/www.radio-activ.com\/index.php\/wp-json\/wp\/v2\/posts\/25178\/revisions\/25188"}],"wp:featuredmedia":[{"embeddable":true,"href":"https:\/\/www.radio-activ.com\/index.php\/wp-json\/wp\/v2\/media\/25179"}],"wp:attachment":[{"href":"https:\/\/www.radio-activ.com\/index.php\/wp-json\/wp\/v2\/media?parent=25178"}],"wp:term":[{"taxonomy":"category","embeddable":true,"href":"https:\/\/www.radio-activ.com\/index.php\/wp-json\/wp\/v2\/categories?post=25178"},{"taxonomy":"post_tag","embeddable":true,"href":"https:\/\/www.radio-activ.com\/index.php\/wp-json\/wp\/v2\/tags?post=25178"}],"curies":[{"name":"wp","href":"https:\/\/api.w.org\/{rel}","templated":true}]}}