{"id":25173,"date":"2026-08-10T09:00:02","date_gmt":"2026-08-10T08:00:02","guid":{"rendered":"https:\/\/www.radio-activ.com\/?p=25173"},"modified":"2026-09-03T15:04:15","modified_gmt":"2026-09-03T14:04:15","slug":"subtrack-au-tornaod-riddim-festival-2026","status":"publish","type":"post","link":"https:\/\/www.radio-activ.com\/index.php\/2026\/08\/10\/subtrack-au-tornaod-riddim-festival-2026\/","title":{"rendered":"SUBTRACK AU TORNAOD RIDDIM FESTIVAL 2026"},"content":{"rendered":"<p><a href=\"http:\/\/www.radio-activ.com\/wp-content\/uploads\/2026\/09\/PXL_20260808_1406464862-scaled.jpg\"><img fetchpriority=\"high\" decoding=\"async\" class=\"size-large wp-image-25174 aligncenter\" src=\"http:\/\/www.radio-activ.com\/wp-content\/uploads\/2026\/09\/PXL_20260808_1406464862-1024x1024.jpg\" alt=\"\" width=\"640\" height=\"640\" srcset=\"https:\/\/www.radio-activ.com\/wp-content\/uploads\/2026\/09\/PXL_20260808_1406464862-1024x1024.jpg 1024w, https:\/\/www.radio-activ.com\/wp-content\/uploads\/2026\/09\/PXL_20260808_1406464862-300x300.jpg 300w, https:\/\/www.radio-activ.com\/wp-content\/uploads\/2026\/09\/PXL_20260808_1406464862-150x150.jpg 150w, https:\/\/www.radio-activ.com\/wp-content\/uploads\/2026\/09\/PXL_20260808_1406464862-768x768.jpg 768w, https:\/\/www.radio-activ.com\/wp-content\/uploads\/2026\/09\/PXL_20260808_1406464862-1536x1536.jpg 1536w, https:\/\/www.radio-activ.com\/wp-content\/uploads\/2026\/09\/PXL_20260808_1406464862-2048x2048.jpg 2048w\" sizes=\"(max-width: 640px) 100vw, 640px\" \/><\/a><\/p>\n<p>Le samedi 8 ao\u00fbt en apr\u00e8s-midi, Subtrack \u00e9tait en direct de Tornaod Riddim, un microfestival d\u00e9fricheur cach\u00e9 dans la campagne Costarmoricaine, avec\u00a0:<\/p>\n<ul>\n<li>Elsa et Pauline, coorganisatrices du festival<\/li>\n<li>Tanaka &amp; Yass<\/li>\n<li>Baba Cr\u00e9atures<\/li>\n<li>Les Chiennes de l\u2019Hexagone<\/li>\n<li>Le Petit Forestier<\/li>\n<li>Le Dressing de Soso<\/li>\n<li>440 HZ<\/li>\n<li>Criquet<\/li>\n<li>Tim Karbon<\/li>\n<li>Gal\u00e8re Sucr\u00e9e<\/li>\n<\/ul>\n<div class=\"powerpress_player\" id=\"powerpress_player_2383\"><!--[if lt IE 9]><script>document.createElement('audio');<\/script><![endif]-->\n<audio class=\"wp-audio-shortcode\" id=\"audio-25173-1\" preload=\"none\" style=\"width: 100%;\" controls=\"controls\"><source type=\"audio\/mpeg\" src=\"http:\/\/media.blubrry.com\/radioactiv\/www.radio-activ.com\/podcasts\/tornaod-080826-pad.mp3?_=1\" \/><a href=\"http:\/\/media.blubrry.com\/radioactiv\/www.radio-activ.com\/podcasts\/tornaod-080826-pad.mp3\">http:\/\/media.blubrry.com\/radioactiv\/www.radio-activ.com\/podcasts\/tornaod-080826-pad.mp3<\/a><\/audio><\/div><p class=\"powerpress_links powerpress_links_mp3\" style=\"margin-bottom: 1px !important;\">Podcast: <a href=\"http:\/\/media.blubrry.com\/radioactiv\/www.radio-activ.com\/podcasts\/tornaod-080826-pad.mp3\" class=\"powerpress_link_pinw\" target=\"_blank\" title=\"Play in new window\" onclick=\"return powerpress_pinw('https:\/\/www.radio-activ.com\/?powerpress_pinw=25173-podcast');\" rel=\"nofollow\">Play in new window<\/a> | <a href=\"http:\/\/media.blubrry.com\/radioactiv\/www.radio-activ.com\/podcasts\/tornaod-080826-pad.mp3\" class=\"powerpress_link_d\" title=\"Download\" rel=\"nofollow\" download=\"tornaod-080826-pad.mp3\">Download<\/a><\/p>","protected":false},"excerpt":{"rendered":"<p>Le samedi 8 ao\u00fbt en apr\u00e8s-midi, Subtrack \u00e9tait en direct de Tornaod Riddim, un microfestival d\u00e9fricheur cach\u00e9 dans la campagne Costarmoricaine, avec\u00a0:<\/p>\n<p class=\"link-more\"><a class=\"myButt \" href=\"https:\/\/www.radio-activ.com\/index.php\/2026\/08\/10\/subtrack-au-tornaod-riddim-festival-2026\/\">Read More<\/a><\/p>\n","protected":false},"author":1,"featured_media":25174,"comment_status":"open","ping_status":"open","sticky":false,"template":"","format":"standard","meta":{"footnotes":""},"categories":[13,59],"tags":[],"class_list":["post-25173","post","type-post","status-publish","format-standard","has-post-thumbnail","hentry","category-accueil","category-podcasts"],"_links":{"self":[{"href":"https:\/\/www.radio-activ.com\/index.php\/wp-json\/wp\/v2\/posts\/25173","targetHints":{"allow":["GET"]}}],"collection":[{"href":"https:\/\/www.radio-activ.com\/index.php\/wp-json\/wp\/v2\/posts"}],"about":[{"href":"https:\/\/www.radio-activ.com\/index.php\/wp-json\/wp\/v2\/types\/post"}],"author":[{"embeddable":true,"href":"https:\/\/www.radio-activ.com\/index.php\/wp-json\/wp\/v2\/users\/1"}],"replies":[{"embeddable":true,"href":"https:\/\/www.radio-activ.com\/index.php\/wp-json\/wp\/v2\/comments?post=25173"}],"version-history":[{"count":1,"href":"https:\/\/www.radio-activ.com\/index.php\/wp-json\/wp\/v2\/posts\/25173\/revisions"}],"predecessor-version":[{"id":25175,"href":"https:\/\/www.radio-activ.com\/index.php\/wp-json\/wp\/v2\/posts\/25173\/revisions\/25175"}],"wp:featuredmedia":[{"embeddable":true,"href":"https:\/\/www.radio-activ.com\/index.php\/wp-json\/wp\/v2\/media\/25174"}],"wp:attachment":[{"href":"https:\/\/www.radio-activ.com\/index.php\/wp-json\/wp\/v2\/media?parent=25173"}],"wp:term":[{"taxonomy":"category","embeddable":true,"href":"https:\/\/www.radio-activ.com\/index.php\/wp-json\/wp\/v2\/categories?post=25173"},{"taxonomy":"post_tag","embeddable":true,"href":"https:\/\/www.radio-activ.com\/index.php\/wp-json\/wp\/v2\/tags?post=25173"}],"curies":[{"name":"wp","href":"https:\/\/api.w.org\/{rel}","templated":true}]}}