{"id":25159,"date":"2026-08-31T14:30:40","date_gmt":"2026-08-31T13:30:40","guid":{"rendered":"https:\/\/www.radio-activ.com\/?p=25159"},"modified":"2026-09-02T13:36:58","modified_gmt":"2026-09-02T12:36:58","slug":"radio-activ-en-direct-de-la-villa-disco-le-29-08-2026","status":"publish","type":"post","link":"https:\/\/www.radio-activ.com\/index.php\/2026\/08\/31\/radio-activ-en-direct-de-la-villa-disco-le-29-08-2026\/","title":{"rendered":"RADIO ACTIV&rsquo; EN DIRECT DE LA VILLA DISCO le 29\/08\/2026"},"content":{"rendered":"<p><a href=\"http:\/\/www.radio-activ.com\/wp-content\/uploads\/2026\/09\/Credit-Lucas-Arnould-1.jpg\"><img fetchpriority=\"high\" decoding=\"async\" class=\"size-large wp-image-25169 aligncenter\" src=\"http:\/\/www.radio-activ.com\/wp-content\/uploads\/2026\/09\/Credit-Lucas-Arnould-1-1024x806.jpg\" alt=\"\" width=\"640\" height=\"504\" srcset=\"https:\/\/www.radio-activ.com\/wp-content\/uploads\/2026\/09\/Credit-Lucas-Arnould-1-1024x806.jpg 1024w, https:\/\/www.radio-activ.com\/wp-content\/uploads\/2026\/09\/Credit-Lucas-Arnould-1-300x236.jpg 300w, https:\/\/www.radio-activ.com\/wp-content\/uploads\/2026\/09\/Credit-Lucas-Arnould-1-768x604.jpg 768w, https:\/\/www.radio-activ.com\/wp-content\/uploads\/2026\/09\/Credit-Lucas-Arnould-1.jpg 1080w\" sizes=\"(max-width: 640px) 100vw, 640px\" \/><\/a><\/p>\n<p>Sixi\u00e8me \u00e9dition de la Villa Disco, deuxi\u00e8me rendez-vous du festival Cadence, organis\u00e9 par l\u2019association Seanapse. Au micro dans cette \u00e9mission\u00a0:<\/p>\n<ul>\n<li>F\u00e9lix programmateur de Seanapse<\/li>\n<li>L\u2019artiste Bandite<\/li>\n<li>Elona<\/li>\n<li>Sylvain du disquaire itin\u00e9rant Oupette Records<\/li>\n<li>Fran\u00e7ois-b<\/li>\n<li>Le collectif la Briocherie<\/li>\n<\/ul>\n<p>Photo\u00a0: Lucas Arnould<\/p>\n<div class=\"powerpress_player\" id=\"powerpress_player_7994\"><!--[if lt IE 9]><script>document.createElement('audio');<\/script><![endif]-->\n<audio class=\"wp-audio-shortcode\" id=\"audio-25159-1\" preload=\"none\" style=\"width: 100%;\" controls=\"controls\"><source type=\"audio\/mpeg\" src=\"http:\/\/media.blubrry.com\/radioactiv\/www.radio-activ.com\/podcasts\/villadisco-290826-pad.mp3?_=1\" \/><a href=\"http:\/\/media.blubrry.com\/radioactiv\/www.radio-activ.com\/podcasts\/villadisco-290826-pad.mp3\">http:\/\/media.blubrry.com\/radioactiv\/www.radio-activ.com\/podcasts\/villadisco-290826-pad.mp3<\/a><\/audio><\/div><p class=\"powerpress_links powerpress_links_mp3\" style=\"margin-bottom: 1px !important;\">Podcast: <a href=\"http:\/\/media.blubrry.com\/radioactiv\/www.radio-activ.com\/podcasts\/villadisco-290826-pad.mp3\" class=\"powerpress_link_pinw\" target=\"_blank\" title=\"Play in new window\" onclick=\"return powerpress_pinw('https:\/\/www.radio-activ.com\/?powerpress_pinw=25159-podcast');\" rel=\"nofollow\">Play in new window<\/a> | <a href=\"http:\/\/media.blubrry.com\/radioactiv\/www.radio-activ.com\/podcasts\/villadisco-290826-pad.mp3\" class=\"powerpress_link_d\" title=\"Download\" rel=\"nofollow\" download=\"villadisco-290826-pad.mp3\">Download<\/a><\/p>","protected":false},"excerpt":{"rendered":"<p>Sixi\u00e8me \u00e9dition de la Villa Disco, deuxi\u00e8me rendez-vous du festival Cadence, organis\u00e9 par l\u2019association Seanapse. Au micro dans cette \u00e9mission\u00a0: F\u00e9lix programmateur<\/p>\n<p class=\"link-more\"><a class=\"myButt \" href=\"https:\/\/www.radio-activ.com\/index.php\/2026\/08\/31\/radio-activ-en-direct-de-la-villa-disco-le-29-08-2026\/\">Read More<\/a><\/p>\n","protected":false},"author":1,"featured_media":25160,"comment_status":"open","ping_status":"open","sticky":false,"template":"","format":"standard","meta":{"footnotes":""},"categories":[13],"tags":[],"class_list":["post-25159","post","type-post","status-publish","format-standard","has-post-thumbnail","hentry","category-accueil"],"_links":{"self":[{"href":"https:\/\/www.radio-activ.com\/index.php\/wp-json\/wp\/v2\/posts\/25159","targetHints":{"allow":["GET"]}}],"collection":[{"href":"https:\/\/www.radio-activ.com\/index.php\/wp-json\/wp\/v2\/posts"}],"about":[{"href":"https:\/\/www.radio-activ.com\/index.php\/wp-json\/wp\/v2\/types\/post"}],"author":[{"embeddable":true,"href":"https:\/\/www.radio-activ.com\/index.php\/wp-json\/wp\/v2\/users\/1"}],"replies":[{"embeddable":true,"href":"https:\/\/www.radio-activ.com\/index.php\/wp-json\/wp\/v2\/comments?post=25159"}],"version-history":[{"count":10,"href":"https:\/\/www.radio-activ.com\/index.php\/wp-json\/wp\/v2\/posts\/25159\/revisions"}],"predecessor-version":[{"id":25171,"href":"https:\/\/www.radio-activ.com\/index.php\/wp-json\/wp\/v2\/posts\/25159\/revisions\/25171"}],"wp:featuredmedia":[{"embeddable":true,"href":"https:\/\/www.radio-activ.com\/index.php\/wp-json\/wp\/v2\/media\/25160"}],"wp:attachment":[{"href":"https:\/\/www.radio-activ.com\/index.php\/wp-json\/wp\/v2\/media?parent=25159"}],"wp:term":[{"taxonomy":"category","embeddable":true,"href":"https:\/\/www.radio-activ.com\/index.php\/wp-json\/wp\/v2\/categories?post=25159"},{"taxonomy":"post_tag","embeddable":true,"href":"https:\/\/www.radio-activ.com\/index.php\/wp-json\/wp\/v2\/tags?post=25159"}],"curies":[{"name":"wp","href":"https:\/\/api.w.org\/{rel}","templated":true}]}}