{"id":25154,"date":"2026-09-01T14:59:29","date_gmt":"2026-09-01T13:59:29","guid":{"rendered":"https:\/\/www.radio-activ.com\/?p=25154"},"modified":"2026-09-01T14:59:58","modified_gmt":"2026-09-01T13:59:58","slug":"radio-activ-en-direct-du-festival-le-mille-2026","status":"publish","type":"post","link":"https:\/\/www.radio-activ.com\/index.php\/2026\/09\/01\/radio-activ-en-direct-du-festival-le-mille-2026\/","title":{"rendered":"RADIO ACTIV&rsquo; EN DIRECT DU FESTIVAL LE MILLE 2026"},"content":{"rendered":"<p>Journ\u00e9e 1, en direct du Mille 2026 \u2013 vendredi 21 ao\u00fbt<\/p>\n<p>Une \u00e9mission en direct et en public du festival le Mille avec\u00a0:<\/p>\n<ul>\n<li>Simon, directeur du festival<\/li>\n<li>Catherine et Alain pour Le Vagabonheur et le Triporteur<\/li>\n<li>La Mission Locale et le CAJMA 22<\/li>\n<li>Lucile charg\u00e9e de communication du festival et cofondatrice de \u00ab\u00a0Vivre d\u2019Armor et d\u2019eau fraiche\u00a0\u00bb<\/li>\n<li>L\u2019AHB, l\u2019Association Hospitali\u00e8re de Bretagne<\/li>\n<li>Emilie, charg\u00e9 de l\u2019environnement et de l\u2019\u00e9cologie du festival<\/li>\n<li>Aline de l\u2019association Sors Tes Moutons<\/li>\n<li>Corentin \u00e0 l\u2019accueil artiste du festival<\/li>\n<\/ul>\n<p><audio class=\"wp-audio-shortcode\" id=\"audio-25154-2\" preload=\"none\" style=\"width: 100%;\" controls=\"controls\"><source type=\"audio\/mpeg\" src=\"http:\/\/www.radio-activ.com\/podcasts\/LeMille-210826-pad.mp3?_=2\" \/><a href=\"http:\/\/www.radio-activ.com\/podcasts\/LeMille-210826-pad.mp3\">http:\/\/www.radio-activ.com\/podcasts\/LeMille-210826-pad.mp3<\/a><\/audio><br \/>\n<a href=\"http:\/\/www.radio-activ.com\/podcasts\/LeMille-210826-pad.mp3\" target=\"_blank\" rel=\"noopener\">Download<\/a><\/p>\n<p>Journ\u00e9e 2, en direct du Mille 2026 \u2013 Samedi 22 ao\u00fbt<\/p>\n<p>Une \u00e9mission en direct et en public du festival le Mille avec\u00a0:<\/p>\n<ul>\n<li>Mo\u00efra en interview et en live session avant son concert sur la grande sc\u00e8ne du Mille.<\/li>\n<li>Pierre, pr\u00e9sident de l\u2019association Harel de la No\u00eb<\/li>\n<li>L\u2019association Surf Rider Foundation<\/li>\n<li>Marie Houdin du Soul Train<\/li>\n<li>Le duo So Free<\/li>\n<li>Lagareni Traore et sa Kora<\/li>\n<li>Sam pour le club de boxe de l\u2019amicale La\u00efque de Saint-Brieuc<\/li>\n<li>Romaissa et Floyd b\u00e9n\u00e9voles du festival<\/li>\n<li>Corentin, la mascotte de l\u2019\u00e9mission, b\u00e9n\u00e9vole \u00e0 l\u2019accueil artiste du festival<\/li>\n<\/ul>\n<p><audio class=\"wp-audio-shortcode\" id=\"audio-25154-3\" preload=\"none\" style=\"width: 100%;\" controls=\"controls\"><source type=\"audio\/mpeg\" src=\"http:\/\/www.radio-activ.com\/podcasts\/LeMille-220826-pad.mp3?_=3\" \/><a href=\"http:\/\/www.radio-activ.com\/podcasts\/LeMille-220826-pad.mp3\">http:\/\/www.radio-activ.com\/podcasts\/LeMille-220826-pad.mp3<\/a><\/audio><br \/>\n<a href=\"http:\/\/www.radio-activ.com\/podcasts\/LeMille-220826-pad.mp3\" target=\"_blank\" rel=\"noopener\">Download<\/a><\/p>\n<p>Journ\u00e9e 3, en direct du Mille 2026 \u2013 Dimanche 23 ao\u00fbt<\/p>\n<p>Une \u00e9mission en direct et en public du festival le Mille avec\u00a0:<\/p>\n<ul>\n<li>Emmanuelle b\u00e9n\u00e9vole du festival et organisatrice de l\u2019atelier Yoga<\/li>\n<li>Red Baby, qui se produisait sur la sc\u00e8ne de Culture Zatous Bretagne, en interview et en live session<\/li>\n<li>Tony de l\u2019association V\u00e9lo Utile<\/li>\n<li>J\u00e9r\u00f4me de Vendange Tardive pour nous parler du Mille All Star<\/li>\n<li>Marie Houdin du Soul Train<\/li>\n<li>DJ Freshhh<\/li>\n<li>Thomas b\u00e9n\u00e9vole du festival et b\u00e9n\u00e9vole de Radio Activ\u2019<\/li>\n<li>Marie-Gabrielle d\u2019Herbaterra pour nous parler des balades botaniques.<\/li>\n<li>Corentin et Simon du Mille<\/li>\n<\/ul>\n<p><audio class=\"wp-audio-shortcode\" id=\"audio-25154-4\" preload=\"none\" style=\"width: 100%;\" controls=\"controls\"><source type=\"audio\/mpeg\" src=\"http:\/\/www.radio-activ.com\/podcasts\/LeMille-230826-pad.mp3?_=4\" \/><a href=\"http:\/\/www.radio-activ.com\/podcasts\/LeMille-230826-pad.mp3\">http:\/\/www.radio-activ.com\/podcasts\/LeMille-230826-pad.mp3<\/a><\/audio><br \/>\n<a href=\"http:\/\/www.radio-activ.com\/podcasts\/LeMille-230826-pad.mp3\" target=\"_blank\" rel=\"noopener\">Download<\/a><\/p>\n<div class=\"powerpress_player\" id=\"powerpress_player_110\"><!--[if lt IE 9]><script>document.createElement('audio');<\/script><![endif]-->\n<audio class=\"wp-audio-shortcode\" id=\"audio-25154-1\" preload=\"none\" style=\"width: 100%;\" controls=\"controls\"><source type=\"audio\/mpeg\" src=\"http:\/\/media.blubrry.com\/radioactiv\/www.radio-activ.com\/podcasts\/LeMille-210826-pad.mp3?_=1\" \/><a href=\"http:\/\/media.blubrry.com\/radioactiv\/www.radio-activ.com\/podcasts\/LeMille-210826-pad.mp3\">http:\/\/media.blubrry.com\/radioactiv\/www.radio-activ.com\/podcasts\/LeMille-210826-pad.mp3<\/a><\/audio><\/div><p class=\"powerpress_links powerpress_links_mp3\" style=\"margin-bottom: 1px !important;\">Podcast: <a href=\"http:\/\/media.blubrry.com\/radioactiv\/www.radio-activ.com\/podcasts\/LeMille-210826-pad.mp3\" class=\"powerpress_link_pinw\" target=\"_blank\" title=\"Play in new window\" onclick=\"return powerpress_pinw('https:\/\/www.radio-activ.com\/?powerpress_pinw=25154-podcast');\" rel=\"nofollow\">Play in new window<\/a> | <a href=\"http:\/\/media.blubrry.com\/radioactiv\/www.radio-activ.com\/podcasts\/LeMille-210826-pad.mp3\" class=\"powerpress_link_d\" title=\"Download\" rel=\"nofollow\" download=\"LeMille-210826-pad.mp3\">Download<\/a><\/p>","protected":false},"excerpt":{"rendered":"<p>Journ\u00e9e 1, en direct du Mille 2026 \u2013 vendredi 21 ao\u00fbt Une \u00e9mission en direct et en public du festival le Mille<\/p>\n<p class=\"link-more\"><a class=\"myButt \" href=\"https:\/\/www.radio-activ.com\/index.php\/2026\/09\/01\/radio-activ-en-direct-du-festival-le-mille-2026\/\">Read More<\/a><\/p>\n","protected":false},"author":1,"featured_media":25155,"comment_status":"open","ping_status":"open","sticky":false,"template":"","format":"standard","meta":{"footnotes":""},"categories":[13],"tags":[],"class_list":["post-25154","post","type-post","status-publish","format-standard","has-post-thumbnail","hentry","category-accueil"],"_links":{"self":[{"href":"https:\/\/www.radio-activ.com\/index.php\/wp-json\/wp\/v2\/posts\/25154","targetHints":{"allow":["GET"]}}],"collection":[{"href":"https:\/\/www.radio-activ.com\/index.php\/wp-json\/wp\/v2\/posts"}],"about":[{"href":"https:\/\/www.radio-activ.com\/index.php\/wp-json\/wp\/v2\/types\/post"}],"author":[{"embeddable":true,"href":"https:\/\/www.radio-activ.com\/index.php\/wp-json\/wp\/v2\/users\/1"}],"replies":[{"embeddable":true,"href":"https:\/\/www.radio-activ.com\/index.php\/wp-json\/wp\/v2\/comments?post=25154"}],"version-history":[{"count":2,"href":"https:\/\/www.radio-activ.com\/index.php\/wp-json\/wp\/v2\/posts\/25154\/revisions"}],"predecessor-version":[{"id":25157,"href":"https:\/\/www.radio-activ.com\/index.php\/wp-json\/wp\/v2\/posts\/25154\/revisions\/25157"}],"wp:featuredmedia":[{"embeddable":true,"href":"https:\/\/www.radio-activ.com\/index.php\/wp-json\/wp\/v2\/media\/25155"}],"wp:attachment":[{"href":"https:\/\/www.radio-activ.com\/index.php\/wp-json\/wp\/v2\/media?parent=25154"}],"wp:term":[{"taxonomy":"category","embeddable":true,"href":"https:\/\/www.radio-activ.com\/index.php\/wp-json\/wp\/v2\/categories?post=25154"},{"taxonomy":"post_tag","embeddable":true,"href":"https:\/\/www.radio-activ.com\/index.php\/wp-json\/wp\/v2\/tags?post=25154"}],"curies":[{"name":"wp","href":"https:\/\/api.w.org\/{rel}","templated":true}]}}