{"id":20543,"date":"2025-09-09T10:57:45","date_gmt":"2025-09-09T09:57:45","guid":{"rendered":"https:\/\/www.radio-activ.com\/?p=20543"},"modified":"2025-09-09T13:48:04","modified_gmt":"2025-09-09T12:48:04","slug":"wake-up-du-lundi","status":"publish","type":"post","link":"https:\/\/www.radio-activ.com\/index.php\/2025\/09\/09\/wake-up-du-lundi\/","title":{"rendered":"WAKE-UP DU LUNDI"},"content":{"rendered":"<p>Podcast de la matinale du mardi, disponible pendant une semaine.<\/p>\n<h2><b>Wake Up ! C\u2019est votre matinale musicale pr\u00e9sent\u00e9e par Guirec en direct du lundi au vendredi de 7h \u00e0 9h.<\/b><\/h2>\n<p><b>Nouveaut\u00e9s musicales, classiques et raret\u00e9s. Des chroniques journali\u00e8res et des invit\u00e9s, <\/b><b>la m\u00e9t\u00e9o, les bons plans et des id\u00e9es sorties&#8230;<\/b><\/p>\n<p><b>Remportez les albums Ferarock de la semaine et des places pour les \u00e9v\u00e9nements du coin.<\/b><\/p>\n<div class=\"powerpress_player\" id=\"powerpress_player_7299\"><!--[if lt IE 9]><script>document.createElement('audio');<\/script><![endif]-->\n<audio class=\"wp-audio-shortcode\" id=\"audio-20543-1\" preload=\"none\" style=\"width: 100%;\" controls=\"controls\"><source type=\"audio\/mpeg\" src=\"http:\/\/media.blubrry.com\/radioactiv\/www.radio-activ.com\/podcasts\/wakeup-lundi.mp3?_=1\" \/><a href=\"http:\/\/media.blubrry.com\/radioactiv\/www.radio-activ.com\/podcasts\/wakeup-lundi.mp3\">http:\/\/media.blubrry.com\/radioactiv\/www.radio-activ.com\/podcasts\/wakeup-lundi.mp3<\/a><\/audio><\/div><p class=\"powerpress_links powerpress_links_mp3\" style=\"margin-bottom: 1px !important;\">Podcast: <a href=\"http:\/\/media.blubrry.com\/radioactiv\/www.radio-activ.com\/podcasts\/wakeup-lundi.mp3\" class=\"powerpress_link_pinw\" target=\"_blank\" title=\"Play in new window\" onclick=\"return powerpress_pinw('https:\/\/www.radio-activ.com\/?powerpress_pinw=20543-podcast');\" rel=\"nofollow\">Play in new window<\/a> | <a href=\"http:\/\/media.blubrry.com\/radioactiv\/www.radio-activ.com\/podcasts\/wakeup-lundi.mp3\" class=\"powerpress_link_d\" title=\"Download\" rel=\"nofollow\" download=\"wakeup-lundi.mp3\">Download<\/a><\/p>","protected":false},"excerpt":{"rendered":"<p>Podcast de la matinale du mardi, disponible pendant une semaine. Wake Up ! C\u2019est votre matinale musicale pr\u00e9sent\u00e9e par Guirec en direct<\/p>\n<p class=\"link-more\"><a class=\"myButt \" href=\"https:\/\/www.radio-activ.com\/index.php\/2025\/09\/09\/wake-up-du-lundi\/\">Read More<\/a><\/p>\n","protected":false},"author":1,"featured_media":19355,"comment_status":"open","ping_status":"open","sticky":false,"template":"","format":"standard","meta":{"footnotes":""},"categories":[59,260],"tags":[307,308],"class_list":["post-20543","post","type-post","status-publish","format-standard","has-post-thumbnail","hentry","category-podcasts","category-wake-up","tag-matinale","tag-wake-up"],"_links":{"self":[{"href":"https:\/\/www.radio-activ.com\/index.php\/wp-json\/wp\/v2\/posts\/20543","targetHints":{"allow":["GET"]}}],"collection":[{"href":"https:\/\/www.radio-activ.com\/index.php\/wp-json\/wp\/v2\/posts"}],"about":[{"href":"https:\/\/www.radio-activ.com\/index.php\/wp-json\/wp\/v2\/types\/post"}],"author":[{"embeddable":true,"href":"https:\/\/www.radio-activ.com\/index.php\/wp-json\/wp\/v2\/users\/1"}],"replies":[{"embeddable":true,"href":"https:\/\/www.radio-activ.com\/index.php\/wp-json\/wp\/v2\/comments?post=20543"}],"version-history":[{"count":1,"href":"https:\/\/www.radio-activ.com\/index.php\/wp-json\/wp\/v2\/posts\/20543\/revisions"}],"predecessor-version":[{"id":20544,"href":"https:\/\/www.radio-activ.com\/index.php\/wp-json\/wp\/v2\/posts\/20543\/revisions\/20544"}],"wp:featuredmedia":[{"embeddable":true,"href":"https:\/\/www.radio-activ.com\/index.php\/wp-json\/wp\/v2\/media\/19355"}],"wp:attachment":[{"href":"https:\/\/www.radio-activ.com\/index.php\/wp-json\/wp\/v2\/media?parent=20543"}],"wp:term":[{"taxonomy":"category","embeddable":true,"href":"https:\/\/www.radio-activ.com\/index.php\/wp-json\/wp\/v2\/categories?post=20543"},{"taxonomy":"post_tag","embeddable":true,"href":"https:\/\/www.radio-activ.com\/index.php\/wp-json\/wp\/v2\/tags?post=20543"}],"curies":[{"name":"wp","href":"https:\/\/api.w.org\/{rel}","templated":true}]}}