{"id":22120,"date":"2025-03-07T12:35:48","date_gmt":"2025-03-07T11:35:48","guid":{"rendered":"https:\/\/www.radio-activ.com\/?p=22120"},"modified":"2025-03-07T12:37:53","modified_gmt":"2025-03-07T11:37:53","slug":"ateliers-deducation-aux-medias-et-a-linformation","status":"publish","type":"post","link":"http:\/\/www.radio-activ.com\/index.php\/2025\/03\/07\/ateliers-deducation-aux-medias-et-a-linformation\/","title":{"rendered":"ATELIERS D&rsquo;EDUCATION AUX MEDIAS ET A L&rsquo;INFORMATION"},"content":{"rendered":"<p>Radio Activ\u2019 101.9 FM, station de radio associative des C\u00f4tes d&rsquo;Armor, affili\u00e9e \u00e0 deux r\u00e9seaux (national et r\u00e9gional), engag\u00e9e dans le d\u00e9cryptage des mondes m\u00e9diatiques, propose des <strong>ateliers d\u2019\u00e9ducation aux m\u00e9dias et \u00e0 l\u2019information<\/strong>.<\/p>\n<p>Anim\u00e9s par <strong>Marc Mithouard, animateur, programmateur et\u00a0 formateur certifi\u00e9<\/strong>, ces ateliers proposent des cl\u00e9s pour mieux comprendre le paysage m\u00e9diatique et d\u00e9velopper l&rsquo;esprit critique.<\/p>\n<p><strong>Nos ateliers s\u2019appuient sur une approche pratique<\/strong>, incluant\u00a0:<\/p>\n<p>\ud83d\udce1 <strong>Analyse et compr\u00e9hension des mondes m\u00e9diatiques<\/strong> (m\u00e9dias traditionnels, r\u00e9seaux sociaux, d\u00e9sinformation, \u00ab\u00a0fake news\u00a0\u00bb&#8230;)<\/p>\n<p>\ud83c\udfa4 <strong>Cr\u00e9ation et production d\u2019un contenu audio<\/strong> (recherche d\u2019information, r\u00e9daction d\u2019un conducteur, prise de parole face au micro)<\/p>\n<p>\ud83c\udfa7 <strong>Enregistrement et montage sonore<\/strong> (habillage sonore, restitution sous forme de podcast)<\/p>\n<p>&nbsp;<\/p>\n<p>&nbsp;<\/p>\n<p><a href=\"http:\/\/www.radio-activ.com\/wp-content\/uploads\/2025\/03\/education-aux-medias.jpg\"><img fetchpriority=\"high\" decoding=\"async\" class=\"aligncenter wp-image-22126 size-large\" src=\"http:\/\/www.radio-activ.com\/wp-content\/uploads\/2025\/03\/education-aux-medias-1024x576.jpg\" alt=\"\" width=\"640\" height=\"360\" srcset=\"http:\/\/www.radio-activ.com\/wp-content\/uploads\/2025\/03\/education-aux-medias-1024x576.jpg 1024w, http:\/\/www.radio-activ.com\/wp-content\/uploads\/2025\/03\/education-aux-medias-300x169.jpg 300w, http:\/\/www.radio-activ.com\/wp-content\/uploads\/2025\/03\/education-aux-medias-768x432.jpg 768w, http:\/\/www.radio-activ.com\/wp-content\/uploads\/2025\/03\/education-aux-medias-1536x864.jpg 1536w, http:\/\/www.radio-activ.com\/wp-content\/uploads\/2025\/03\/education-aux-medias.jpg 1920w\" sizes=\"(max-width: 640px) 100vw, 640px\" \/><\/a><\/p>\n<p>&nbsp;<\/p>\n","protected":false},"excerpt":{"rendered":"<p>Radio Activ\u2019 101.9 FM, station de radio associative des C\u00f4tes d&rsquo;Armor, affili\u00e9e \u00e0 deux r\u00e9seaux (national et r\u00e9gional), engag\u00e9e dans le d\u00e9cryptage<\/p>\n<p class=\"link-more\"><a class=\"myButt \" href=\"http:\/\/www.radio-activ.com\/index.php\/2025\/03\/07\/ateliers-deducation-aux-medias-et-a-linformation\/\">Read More<\/a><\/p>\n","protected":false},"author":82,"featured_media":22127,"comment_status":"open","ping_status":"open","sticky":false,"template":"","format":"standard","meta":{"footnotes":""},"categories":[13],"tags":[],"class_list":["post-22120","post","type-post","status-publish","format-standard","has-post-thumbnail","hentry","category-acceuil"],"_links":{"self":[{"href":"http:\/\/www.radio-activ.com\/index.php\/wp-json\/wp\/v2\/posts\/22120","targetHints":{"allow":["GET"]}}],"collection":[{"href":"http:\/\/www.radio-activ.com\/index.php\/wp-json\/wp\/v2\/posts"}],"about":[{"href":"http:\/\/www.radio-activ.com\/index.php\/wp-json\/wp\/v2\/types\/post"}],"author":[{"embeddable":true,"href":"http:\/\/www.radio-activ.com\/index.php\/wp-json\/wp\/v2\/users\/82"}],"replies":[{"embeddable":true,"href":"http:\/\/www.radio-activ.com\/index.php\/wp-json\/wp\/v2\/comments?post=22120"}],"version-history":[{"count":6,"href":"http:\/\/www.radio-activ.com\/index.php\/wp-json\/wp\/v2\/posts\/22120\/revisions"}],"predecessor-version":[{"id":22131,"href":"http:\/\/www.radio-activ.com\/index.php\/wp-json\/wp\/v2\/posts\/22120\/revisions\/22131"}],"wp:featuredmedia":[{"embeddable":true,"href":"http:\/\/www.radio-activ.com\/index.php\/wp-json\/wp\/v2\/media\/22127"}],"wp:attachment":[{"href":"http:\/\/www.radio-activ.com\/index.php\/wp-json\/wp\/v2\/media?parent=22120"}],"wp:term":[{"taxonomy":"category","embeddable":true,"href":"http:\/\/www.radio-activ.com\/index.php\/wp-json\/wp\/v2\/categories?post=22120"},{"taxonomy":"post_tag","embeddable":true,"href":"http:\/\/www.radio-activ.com\/index.php\/wp-json\/wp\/v2\/tags?post=22120"}],"curies":[{"name":"wp","href":"https:\/\/api.w.org\/{rel}","templated":true}]}}